{"id":918,"date":"2023-09-06T19:47:00","date_gmt":"2023-09-06T19:47:00","guid":{"rendered":"https:\/\/pact.pt\/news\/pact-oferece-sessao-de-cinema-a-criancas-no-ambito-do-okupa-te\/"},"modified":"2025-07-24T12:13:44","modified_gmt":"2025-07-24T11:13:44","slug":"pact-oferece-sessao-de-cinema-a-criancas-no-ambito-do-okupa-te","status":"publish","type":"news","link":"https:\/\/pact.pt\/pt-pt\/news\/pact-oferece-sessao-de-cinema-a-criancas-no-ambito-do-okupa-te\/","title":{"rendered":"PACT OFERECE SESS\u00c3O DE CINEMA A CRIAN\u00c7AS, NO \u00c2MBITO DO OKUPA-TE"},"content":{"rendered":"","protected":false},"featured_media":3362,"template":"","news-tags":[305,422,423,277,317,424,279,412],"news-date":[227],"class_list":["post-918","news","type-news","status-publish","has-post-thumbnail","hentry","news-tags-ciencia","news-tags-cinema","news-tags-criancas","news-tags-evora","news-tags-inovacao","news-tags-okupa-te","news-tags-pact","news-tags-responsabilidade-social","news-date-set-2023"],"acf":[],"_links":{"self":[{"href":"https:\/\/pact.pt\/pt-pt\/wp-json\/wp\/v2\/news\/918","targetHints":{"allow":["GET"]}}],"collection":[{"href":"https:\/\/pact.pt\/pt-pt\/wp-json\/wp\/v2\/news"}],"about":[{"href":"https:\/\/pact.pt\/pt-pt\/wp-json\/wp\/v2\/types\/news"}],"wp:featuredmedia":[{"embeddable":true,"href":"https:\/\/pact.pt\/pt-pt\/wp-json\/wp\/v2\/media\/3362"}],"wp:attachment":[{"href":"https:\/\/pact.pt\/pt-pt\/wp-json\/wp\/v2\/media?parent=918"}],"wp:term":[{"taxonomy":"news-tags","embeddable":true,"href":"https:\/\/pact.pt\/pt-pt\/wp-json\/wp\/v2\/news-tags?post=918"},{"taxonomy":"news-date","embeddable":true,"href":"https:\/\/pact.pt\/pt-pt\/wp-json\/wp\/v2\/news-date?post=918"}],"curies":[{"name":"wp","href":"https:\/\/api.w.org\/{rel}","templated":true}]}}