{"id":924,"date":"2023-10-03T19:47:00","date_gmt":"2023-10-03T19:47:00","guid":{"rendered":"https:\/\/pact.pt\/news\/pact-marca-presenca-em-reuniao-do-projeto-pocityf-nos-paises-baixos\/"},"modified":"2025-07-24T12:15:55","modified_gmt":"2025-07-24T11:15:55","slug":"pact-marca-presenca-em-reuniao-do-projeto-pocityf-nos-paises-baixos","status":"publish","type":"news","link":"https:\/\/pact.pt\/pt-pt\/news\/pact-marca-presenca-em-reuniao-do-projeto-pocityf-nos-paises-baixos\/","title":{"rendered":"PACT MARCA PRESEN\u00c7A EM REUNI\u00c3O DO PROJETO POCITYF NOS PA\u00cdSES BAIXOS"},"content":{"rendered":"","protected":false},"featured_media":3352,"template":"","news-tags":[442,311,405,443,277,279,444,320,298,445],"news-date":[226],"class_list":["post-924","news","type-news","status-publish","has-post-thumbnail","hentry","news-tags-alkamaar","news-tags-cidades","news-tags-consorcio","news-tags-energias-renovaveis","news-tags-evora","news-tags-pact","news-tags-patrimonio","news-tags-pocityf","news-tags-projeto","news-tags-transicao-energetica","news-date-out-2023"],"acf":[],"_links":{"self":[{"href":"https:\/\/pact.pt\/pt-pt\/wp-json\/wp\/v2\/news\/924","targetHints":{"allow":["GET"]}}],"collection":[{"href":"https:\/\/pact.pt\/pt-pt\/wp-json\/wp\/v2\/news"}],"about":[{"href":"https:\/\/pact.pt\/pt-pt\/wp-json\/wp\/v2\/types\/news"}],"wp:featuredmedia":[{"embeddable":true,"href":"https:\/\/pact.pt\/pt-pt\/wp-json\/wp\/v2\/media\/3352"}],"wp:attachment":[{"href":"https:\/\/pact.pt\/pt-pt\/wp-json\/wp\/v2\/media?parent=924"}],"wp:term":[{"taxonomy":"news-tags","embeddable":true,"href":"https:\/\/pact.pt\/pt-pt\/wp-json\/wp\/v2\/news-tags?post=924"},{"taxonomy":"news-date","embeddable":true,"href":"https:\/\/pact.pt\/pt-pt\/wp-json\/wp\/v2\/news-date?post=924"}],"curies":[{"name":"wp","href":"https:\/\/api.w.org\/{rel}","templated":true}]}}