{"id":925,"date":"2023-10-04T19:47:00","date_gmt":"2023-10-04T19:47:00","guid":{"rendered":"https:\/\/pact.pt\/news\/pact-e-inventa-celebram-acordo-no-ambito-da-criacao-de-gabinete-de-propriedade-intelecual\/"},"modified":"2025-07-24T12:16:13","modified_gmt":"2025-07-24T11:16:13","slug":"pact-e-inventa-celebram-acordo-no-ambito-da-criacao-de-gabinete-de-propriedade-intelecual","status":"publish","type":"news","link":"https:\/\/pact.pt\/pt-pt\/news\/pact-e-inventa-celebram-acordo-no-ambito-da-criacao-de-gabinete-de-propriedade-intelecual\/","title":{"rendered":"PACT E INVENTA CELEBRAM ACORDO NO \u00c2MBITO DA CRIA\u00c7\u00c3O DE GABINETE DE PROPRIEDADE INTELECUAL"},"content":{"rendered":"","protected":false},"featured_media":3350,"template":"","news-tags":[425,271,314,317,446,447,279,448,449,410,309],"news-date":[226],"class_list":["post-925","news","type-news","status-publish","has-post-thumbnail","hentry","news-tags-acordo","news-tags-alentejo","news-tags-empreendedorismo","news-tags-inovacao","news-tags-inventa","news-tags-investigacao","news-tags-pact","news-tags-patentes","news-tags-propriedade-intelectual","news-tags-protocolo","news-tags-tecnologia","news-date-out-2023"],"acf":[],"_links":{"self":[{"href":"https:\/\/pact.pt\/pt-pt\/wp-json\/wp\/v2\/news\/925","targetHints":{"allow":["GET"]}}],"collection":[{"href":"https:\/\/pact.pt\/pt-pt\/wp-json\/wp\/v2\/news"}],"about":[{"href":"https:\/\/pact.pt\/pt-pt\/wp-json\/wp\/v2\/types\/news"}],"wp:featuredmedia":[{"embeddable":true,"href":"https:\/\/pact.pt\/pt-pt\/wp-json\/wp\/v2\/media\/3350"}],"wp:attachment":[{"href":"https:\/\/pact.pt\/pt-pt\/wp-json\/wp\/v2\/media?parent=925"}],"wp:term":[{"taxonomy":"news-tags","embeddable":true,"href":"https:\/\/pact.pt\/pt-pt\/wp-json\/wp\/v2\/news-tags?post=925"},{"taxonomy":"news-date","embeddable":true,"href":"https:\/\/pact.pt\/pt-pt\/wp-json\/wp\/v2\/news-date?post=925"}],"curies":[{"name":"wp","href":"https:\/\/api.w.org\/{rel}","templated":true}]}}