{"id":926,"date":"2023-10-10T19:47:00","date_gmt":"2023-10-10T19:47:00","guid":{"rendered":"https:\/\/pact.pt\/news\/pact-organiza-2a-edicao-do-open-innovation-contest-no-ambito-do-projeto-pocityf\/"},"modified":"2025-03-25T15:41:57","modified_gmt":"2025-03-25T15:41:57","slug":"pact-organiza-2a-edicao-do-open-innovation-contest-no-ambito-do-projeto-pocityf","status":"publish","type":"news","link":"https:\/\/pact.pt\/pt-pt\/news\/pact-organiza-2a-edicao-do-open-innovation-contest-no-ambito-do-projeto-pocityf\/","title":{"rendered":"PACT ORGANIZA 2\u00aa EDI\u00c7\u00c3O DO OPEN INNOVATION CONTEST, NO \u00c2MBITO DO PROJETO POCITYF"},"content":{"rendered":"","protected":false},"featured_media":1236,"template":"","news-tags":[271,356,312,314,277,316,317,450,451,279,320,298,452,445,378],"news-date":[226],"class_list":["post-926","news","type-news","status-publish","has-post-thumbnail","hentry","news-tags-alentejo","news-tags-cidades-inteligentes","news-tags-concurso","news-tags-empreendedorismo","news-tags-evora","news-tags-ideias","news-tags-inovacao","news-tags-negocio","news-tags-open-innovation-contest","news-tags-pact","news-tags-pocityf","news-tags-projeto","news-tags-sustentabilidade","news-tags-transicao-energetica","news-tags-universidade","news-date-out-2023"],"acf":[],"_links":{"self":[{"href":"https:\/\/pact.pt\/pt-pt\/wp-json\/wp\/v2\/news\/926","targetHints":{"allow":["GET"]}}],"collection":[{"href":"https:\/\/pact.pt\/pt-pt\/wp-json\/wp\/v2\/news"}],"about":[{"href":"https:\/\/pact.pt\/pt-pt\/wp-json\/wp\/v2\/types\/news"}],"wp:featuredmedia":[{"embeddable":true,"href":"https:\/\/pact.pt\/pt-pt\/wp-json\/wp\/v2\/media\/1236"}],"wp:attachment":[{"href":"https:\/\/pact.pt\/pt-pt\/wp-json\/wp\/v2\/media?parent=926"}],"wp:term":[{"taxonomy":"news-tags","embeddable":true,"href":"https:\/\/pact.pt\/pt-pt\/wp-json\/wp\/v2\/news-tags?post=926"},{"taxonomy":"news-date","embeddable":true,"href":"https:\/\/pact.pt\/pt-pt\/wp-json\/wp\/v2\/news-date?post=926"}],"curies":[{"name":"wp","href":"https:\/\/api.w.org\/{rel}","templated":true}]}}