{"id":935,"date":"2023-12-13T19:47:00","date_gmt":"2023-12-13T19:47:00","guid":{"rendered":"https:\/\/pact.pt\/news\/pact-e-decsis-premeiam-jovens-pela-criacao-de-aplicacoes-na-area-da-saude-digital-que-interagem-com-o-chatgpt\/"},"modified":"2025-03-25T15:46:05","modified_gmt":"2025-03-25T15:46:05","slug":"pact-e-decsis-premeiam-jovens-pela-criacao-de-aplicacoes-na-area-da-saude-digital-que-interagem-com-o-chatgpt","status":"publish","type":"news","link":"https:\/\/pact.pt\/pt-pt\/news\/pact-e-decsis-premeiam-jovens-pela-criacao-de-aplicacoes-na-area-da-saude-digital-que-interagem-com-o-chatgpt\/","title":{"rendered":"PACT E DECSIS PREMEIAM JOVENS PELA CRIA\u00c7\u00c3O DE APLICA\u00c7\u00d5ES NA \u00c1REA DA SA\u00daDE DIGITAL QUE INTERAGEM COM O CHATGPT"},"content":{"rendered":"","protected":false},"featured_media":1259,"template":"","news-tags":[466,271,484,461,485,464,305,487,486,314,277,465,488,317,469,489,279,490,491,492,309],"news-date":[224],"class_list":["post-935","news","type-news","status-publish","has-post-thumbnail","hentry","news-tags-ai","news-tags-alentejo","news-tags-aplicacao","news-tags-app","news-tags-artificial-intelligence","news-tags-chatgpt","news-tags-ciencia","news-tags-competicao","news-tags-decis","news-tags-empreendedorismo","news-tags-evora","news-tags-hackathon","news-tags-informatica","news-tags-inovacao","news-tags-inteligencia-artifical","news-tags-jovens","news-tags-pact","news-tags-premios","news-tags-programacao","news-tags-saude-digital","news-tags-tecnologia","news-date-dez-2023"],"acf":[],"_links":{"self":[{"href":"https:\/\/pact.pt\/pt-pt\/wp-json\/wp\/v2\/news\/935","targetHints":{"allow":["GET"]}}],"collection":[{"href":"https:\/\/pact.pt\/pt-pt\/wp-json\/wp\/v2\/news"}],"about":[{"href":"https:\/\/pact.pt\/pt-pt\/wp-json\/wp\/v2\/types\/news"}],"wp:featuredmedia":[{"embeddable":true,"href":"https:\/\/pact.pt\/pt-pt\/wp-json\/wp\/v2\/media\/1259"}],"wp:attachment":[{"href":"https:\/\/pact.pt\/pt-pt\/wp-json\/wp\/v2\/media?parent=935"}],"wp:term":[{"taxonomy":"news-tags","embeddable":true,"href":"https:\/\/pact.pt\/pt-pt\/wp-json\/wp\/v2\/news-tags?post=935"},{"taxonomy":"news-date","embeddable":true,"href":"https:\/\/pact.pt\/pt-pt\/wp-json\/wp\/v2\/news-date?post=935"}],"curies":[{"name":"wp","href":"https:\/\/api.w.org\/{rel}","templated":true}]}}