{"id":936,"date":"2023-12-22T19:47:00","date_gmt":"2023-12-22T19:47:00","guid":{"rendered":"https:\/\/pact.pt\/news\/pact-apoia-associacao-chao-dos-meninos-em-mais-um-natal\/"},"modified":"2025-03-25T15:53:21","modified_gmt":"2025-03-25T15:53:21","slug":"pact-apoia-associacao-chao-dos-meninos-em-mais-um-natal","status":"publish","type":"news","link":"https:\/\/pact.pt\/pt-pt\/news\/pact-apoia-associacao-chao-dos-meninos-em-mais-um-natal\/","title":{"rendered":"PACT APOIA ASSOCIA\u00c7\u00c3O CH\u00c3O DOS MENINOS EM MAIS UM NATAL"},"content":{"rendered":"","protected":false},"featured_media":0,"template":"","news-tags":[271,493,377,277,317,494,279,438,412,413,309],"news-date":[224],"class_list":["post-936","news","type-news","status-publish","hentry","news-tags-alentejo","news-tags-chao-dos-meninos","news-tags-ecossistema","news-tags-evora","news-tags-inovacao","news-tags-natal","news-tags-pact","news-tags-recolha","news-tags-responsabilidade-social","news-tags-solidariedade","news-tags-tecnologia","news-date-dez-2023"],"acf":[],"_links":{"self":[{"href":"https:\/\/pact.pt\/pt-pt\/wp-json\/wp\/v2\/news\/936","targetHints":{"allow":["GET"]}}],"collection":[{"href":"https:\/\/pact.pt\/pt-pt\/wp-json\/wp\/v2\/news"}],"about":[{"href":"https:\/\/pact.pt\/pt-pt\/wp-json\/wp\/v2\/types\/news"}],"wp:attachment":[{"href":"https:\/\/pact.pt\/pt-pt\/wp-json\/wp\/v2\/media?parent=936"}],"wp:term":[{"taxonomy":"news-tags","embeddable":true,"href":"https:\/\/pact.pt\/pt-pt\/wp-json\/wp\/v2\/news-tags?post=936"},{"taxonomy":"news-date","embeddable":true,"href":"https:\/\/pact.pt\/pt-pt\/wp-json\/wp\/v2\/news-date?post=936"}],"curies":[{"name":"wp","href":"https:\/\/api.w.org\/{rel}","templated":true}]}}