{"id":941,"date":"2024-01-29T19:47:00","date_gmt":"2024-01-29T19:47:00","guid":{"rendered":"https:\/\/pact.pt\/news\/pact-presente-na-apresentacao-do-living-lab-iscte-no-ambito-do-projeto-synclusive\/"},"modified":"2025-03-25T15:54:16","modified_gmt":"2025-03-25T15:54:16","slug":"pact-presente-na-apresentacao-do-living-lab-iscte-no-ambito-do-projeto-synclusive","status":"publish","type":"news","link":"https:\/\/pact.pt\/pt-pt\/news\/pact-presente-na-apresentacao-do-living-lab-iscte-no-ambito-do-projeto-synclusive\/","title":{"rendered":"PACT presente na apresenta\u00e7\u00e3o do Living Lab ISCTE, no \u00e2mbito do projeto SYNCLUSIVE"},"content":{"rendered":"","protected":false},"featured_media":0,"template":"","news-tags":[271,305,304,373,317,502,503,279,298,504,309],"news-date":[218],"class_list":["post-941","news","type-news","status-publish","hentry","news-tags-alentejo","news-tags-ciencia","news-tags-emprego","news-tags-grupos-vulneraveis","news-tags-inovacao","news-tags-iscte","news-tags-living-lab","news-tags-pact","news-tags-projeto","news-tags-synclusive","news-tags-tecnologia","news-date-jan-2024"],"acf":[],"_links":{"self":[{"href":"https:\/\/pact.pt\/pt-pt\/wp-json\/wp\/v2\/news\/941","targetHints":{"allow":["GET"]}}],"collection":[{"href":"https:\/\/pact.pt\/pt-pt\/wp-json\/wp\/v2\/news"}],"about":[{"href":"https:\/\/pact.pt\/pt-pt\/wp-json\/wp\/v2\/types\/news"}],"wp:attachment":[{"href":"https:\/\/pact.pt\/pt-pt\/wp-json\/wp\/v2\/media?parent=941"}],"wp:term":[{"taxonomy":"news-tags","embeddable":true,"href":"https:\/\/pact.pt\/pt-pt\/wp-json\/wp\/v2\/news-tags?post=941"},{"taxonomy":"news-date","embeddable":true,"href":"https:\/\/pact.pt\/pt-pt\/wp-json\/wp\/v2\/news-date?post=941"}],"curies":[{"name":"wp","href":"https:\/\/api.w.org\/{rel}","templated":true}]}}