{"id":945,"date":"2024-02-20T19:47:00","date_gmt":"2024-02-20T19:47:00","guid":{"rendered":"https:\/\/pact.pt\/news\/erei-2030-apresentadas-estrategias-das-plataformas-regionais-de-inovacao-e-de-coordenacao-operacional\/"},"modified":"2025-03-25T18:10:29","modified_gmt":"2025-03-25T18:10:29","slug":"erei-2030-apresentadas-estrategias-das-plataformas-regionais-de-inovacao-e-de-coordenacao-operacional","status":"publish","type":"news","link":"https:\/\/pact.pt\/pt-pt\/news\/erei-2030-apresentadas-estrategias-das-plataformas-regionais-de-inovacao-e-de-coordenacao-operacional\/","title":{"rendered":"EREI 2030: APRESENTADAS ESTRAT\u00c9GIAS DAS PLATAFORMAS REGIONAIS DE INOVA\u00c7\u00c3O E DE COORDENA\u00c7\u00c3O OPERACIONAL"},"content":{"rendered":"","protected":false},"featured_media":1285,"template":"","news-tags":[271,360,305,426,511,317,279,428,512,401,309],"news-date":[223],"class_list":["post-945","news","type-news","status-publish","has-post-thumbnail","hentry","news-tags-alentejo","news-tags-ccdr-alentejo","news-tags-ciencia","news-tags-crialt","news-tags-erei2030","news-tags-inovacao","news-tags-pact","news-tags-plataforma","news-tags-regional","news-tags-reuniao","news-tags-tecnologia","news-date-fev-2024"],"acf":[],"_links":{"self":[{"href":"https:\/\/pact.pt\/pt-pt\/wp-json\/wp\/v2\/news\/945","targetHints":{"allow":["GET"]}}],"collection":[{"href":"https:\/\/pact.pt\/pt-pt\/wp-json\/wp\/v2\/news"}],"about":[{"href":"https:\/\/pact.pt\/pt-pt\/wp-json\/wp\/v2\/types\/news"}],"wp:featuredmedia":[{"embeddable":true,"href":"https:\/\/pact.pt\/pt-pt\/wp-json\/wp\/v2\/media\/1285"}],"wp:attachment":[{"href":"https:\/\/pact.pt\/pt-pt\/wp-json\/wp\/v2\/media?parent=945"}],"wp:term":[{"taxonomy":"news-tags","embeddable":true,"href":"https:\/\/pact.pt\/pt-pt\/wp-json\/wp\/v2\/news-tags?post=945"},{"taxonomy":"news-date","embeddable":true,"href":"https:\/\/pact.pt\/pt-pt\/wp-json\/wp\/v2\/news-date?post=945"}],"curies":[{"name":"wp","href":"https:\/\/api.w.org\/{rel}","templated":true}]}}