{"id":946,"date":"2024-03-05T19:47:00","date_gmt":"2024-03-05T19:47:00","guid":{"rendered":"https:\/\/pact.pt\/news\/pact-lanca-questionario-para-analisar-inovacao-aberta-no-tecido-empresarial-da-euroace-no-ambito-do-projeto-driven\/"},"modified":"2025-03-12T21:08:08","modified_gmt":"2025-03-12T21:08:08","slug":"pact-lanca-questionario-para-analisar-inovacao-aberta-no-tecido-empresarial-da-euroace-no-ambito-do-projeto-driven","status":"publish","type":"news","link":"https:\/\/pact.pt\/pt-pt\/news\/pact-lanca-questionario-para-analisar-inovacao-aberta-no-tecido-empresarial-da-euroace-no-ambito-do-projeto-driven\/","title":{"rendered":"PACT LAN\u00c7A QUESTION\u00c1RIO PARA ANALISAR INOVA\u00c7\u00c3O ABERTA NO TECIDO EMPRESARIAL DA EUROACE, NO \u00c2MBITO DO PROJETO DRIVEN"},"content":{"rendered":"","protected":false},"featured_media":1287,"template":"","news-tags":[],"news-date":[222],"class_list":["post-946","news","type-news","status-publish","has-post-thumbnail","hentry","news-date-mar-2024"],"acf":[],"_links":{"self":[{"href":"https:\/\/pact.pt\/pt-pt\/wp-json\/wp\/v2\/news\/946","targetHints":{"allow":["GET"]}}],"collection":[{"href":"https:\/\/pact.pt\/pt-pt\/wp-json\/wp\/v2\/news"}],"about":[{"href":"https:\/\/pact.pt\/pt-pt\/wp-json\/wp\/v2\/types\/news"}],"wp:featuredmedia":[{"embeddable":true,"href":"https:\/\/pact.pt\/pt-pt\/wp-json\/wp\/v2\/media\/1287"}],"wp:attachment":[{"href":"https:\/\/pact.pt\/pt-pt\/wp-json\/wp\/v2\/media?parent=946"}],"wp:term":[{"taxonomy":"news-tags","embeddable":true,"href":"https:\/\/pact.pt\/pt-pt\/wp-json\/wp\/v2\/news-tags?post=946"},{"taxonomy":"news-date","embeddable":true,"href":"https:\/\/pact.pt\/pt-pt\/wp-json\/wp\/v2\/news-date?post=946"}],"curies":[{"name":"wp","href":"https:\/\/api.w.org\/{rel}","templated":true}]}}