{"id":956,"date":"2024-05-10T19:47:00","date_gmt":"2024-05-10T19:47:00","guid":{"rendered":"https:\/\/pact.pt\/news\/pact-presente-em-mais-uma-edicao-da-fei-feira-de-empregabilidade-e-inovacao-da-universidade-de-evora\/"},"modified":"2025-03-25T18:17:53","modified_gmt":"2025-03-25T18:17:53","slug":"pact-presente-em-mais-uma-edicao-da-fei-feira-de-empregabilidade-e-inovacao-da-universidade-de-evora","status":"publish","type":"news","link":"https:\/\/pact.pt\/pt-pt\/news\/pact-presente-em-mais-uma-edicao-da-fei-feira-de-empregabilidade-e-inovacao-da-universidade-de-evora\/","title":{"rendered":"PACT presente em mais uma edi\u00e7\u00e3o da FEI \u2013 Feira de Empregabilidade e Inova\u00e7\u00e3o, da Universidade de \u00c9vora"},"content":{"rendered":"","protected":false},"featured_media":0,"template":"","news-tags":[],"news-date":[220],"class_list":["post-956","news","type-news","status-publish","hentry","news-date-mai-2024"],"acf":[],"_links":{"self":[{"href":"https:\/\/pact.pt\/pt-pt\/wp-json\/wp\/v2\/news\/956","targetHints":{"allow":["GET"]}}],"collection":[{"href":"https:\/\/pact.pt\/pt-pt\/wp-json\/wp\/v2\/news"}],"about":[{"href":"https:\/\/pact.pt\/pt-pt\/wp-json\/wp\/v2\/types\/news"}],"wp:attachment":[{"href":"https:\/\/pact.pt\/pt-pt\/wp-json\/wp\/v2\/media?parent=956"}],"wp:term":[{"taxonomy":"news-tags","embeddable":true,"href":"https:\/\/pact.pt\/pt-pt\/wp-json\/wp\/v2\/news-tags?post=956"},{"taxonomy":"news-date","embeddable":true,"href":"https:\/\/pact.pt\/pt-pt\/wp-json\/wp\/v2\/news-date?post=956"}],"curies":[{"name":"wp","href":"https:\/\/api.w.org\/{rel}","templated":true}]}}