{"id":957,"date":"2024-05-10T19:47:00","date_gmt":"2024-05-10T19:47:00","guid":{"rendered":"https:\/\/pact.pt\/news\/pact-promove-servicos-de-apoio-a-propriedade-intelectual-com-inauguracao-do-gabinete-alentedge\/"},"modified":"2025-03-25T18:16:37","modified_gmt":"2025-03-25T18:16:37","slug":"pact-promove-servicos-de-apoio-a-propriedade-intelectual-com-inauguracao-do-gabinete-alentedge","status":"publish","type":"news","link":"https:\/\/pact.pt\/pt-pt\/news\/pact-promove-servicos-de-apoio-a-propriedade-intelectual-com-inauguracao-do-gabinete-alentedge\/","title":{"rendered":"PACT promove servi\u00e7os de apoio \u00e0 Propriedade Intelectual com inaugura\u00e7\u00e3o do Gabinete AlentEdge"},"content":{"rendered":"","protected":false},"featured_media":0,"template":"","news-tags":[459,271,538,382,304,365,277,383,539,317,279,309,280],"news-date":[220],"class_list":["post-957","news","type-news","status-publish","hentry","news-tags-academia","news-tags-alentejo","news-tags-alunos","news-tags-empregabilidade","news-tags-emprego","news-tags-empresas","news-tags-evora","news-tags-fei","news-tags-feira","news-tags-inovacao","news-tags-pact","news-tags-tecnologia","news-tags-universidade-de-evora","news-date-mai-2024"],"acf":[],"_links":{"self":[{"href":"https:\/\/pact.pt\/pt-pt\/wp-json\/wp\/v2\/news\/957","targetHints":{"allow":["GET"]}}],"collection":[{"href":"https:\/\/pact.pt\/pt-pt\/wp-json\/wp\/v2\/news"}],"about":[{"href":"https:\/\/pact.pt\/pt-pt\/wp-json\/wp\/v2\/types\/news"}],"wp:attachment":[{"href":"https:\/\/pact.pt\/pt-pt\/wp-json\/wp\/v2\/media?parent=957"}],"wp:term":[{"taxonomy":"news-tags","embeddable":true,"href":"https:\/\/pact.pt\/pt-pt\/wp-json\/wp\/v2\/news-tags?post=957"},{"taxonomy":"news-date","embeddable":true,"href":"https:\/\/pact.pt\/pt-pt\/wp-json\/wp\/v2\/news-date?post=957"}],"curies":[{"name":"wp","href":"https:\/\/api.w.org\/{rel}","templated":true}]}}