{"id":958,"date":"2024-05-13T19:47:00","date_gmt":"2024-05-13T19:47:00","guid":{"rendered":"https:\/\/pact.pt\/news\/servicos-de-apoio-a-propriedade-intelectual-ja-estao-disponiveis-no-gabinete-alentedge\/"},"modified":"2025-03-25T18:18:11","modified_gmt":"2025-03-25T18:18:11","slug":"servicos-de-apoio-a-propriedade-intelectual-ja-estao-disponiveis-no-gabinete-alentedge","status":"publish","type":"news","link":"https:\/\/pact.pt\/pt-pt\/news\/servicos-de-apoio-a-propriedade-intelectual-ja-estao-disponiveis-no-gabinete-alentedge\/","title":{"rendered":"Servi\u00e7os de apoio \u00e0 Propriedade Intelectual j\u00e1 est\u00e3o dispon\u00edveis no Gabinete AlentEdge"},"content":{"rendered":"","protected":false},"featured_media":1315,"template":"","news-tags":[535,271,305,540,277,536,317,447,279,541,537,309],"news-date":[220],"class_list":["post-958","news","type-news","status-publish","has-post-thumbnail","hentry","news-tags-alentedge","news-tags-alentejo","news-tags-ciencia","news-tags-conhecimento","news-tags-evora","news-tags-gabinete","news-tags-inovacao","news-tags-investigacao","news-tags-pact","news-tags-patente","news-tags-pi","news-tags-tecnologia","news-date-mai-2024"],"acf":[],"_links":{"self":[{"href":"https:\/\/pact.pt\/pt-pt\/wp-json\/wp\/v2\/news\/958","targetHints":{"allow":["GET"]}}],"collection":[{"href":"https:\/\/pact.pt\/pt-pt\/wp-json\/wp\/v2\/news"}],"about":[{"href":"https:\/\/pact.pt\/pt-pt\/wp-json\/wp\/v2\/types\/news"}],"wp:featuredmedia":[{"embeddable":true,"href":"https:\/\/pact.pt\/pt-pt\/wp-json\/wp\/v2\/media\/1315"}],"wp:attachment":[{"href":"https:\/\/pact.pt\/pt-pt\/wp-json\/wp\/v2\/media?parent=958"}],"wp:term":[{"taxonomy":"news-tags","embeddable":true,"href":"https:\/\/pact.pt\/pt-pt\/wp-json\/wp\/v2\/news-tags?post=958"},{"taxonomy":"news-date","embeddable":true,"href":"https:\/\/pact.pt\/pt-pt\/wp-json\/wp\/v2\/news-date?post=958"}],"curies":[{"name":"wp","href":"https:\/\/api.w.org\/{rel}","templated":true}]}}