{"id":963,"date":"2024-06-04T19:47:00","date_gmt":"2024-06-04T19:47:00","guid":{"rendered":"https:\/\/pact.pt\/news\/o-pact-esteve-presente-em-mais-um-evento-de-inovacao-sustentavel-em-marseille\/"},"modified":"2025-03-25T18:18:35","modified_gmt":"2025-03-25T18:18:35","slug":"o-pact-esteve-presente-em-mais-um-evento-de-inovacao-sustentavel-em-marseille","status":"publish","type":"news","link":"https:\/\/pact.pt\/pt-pt\/news\/o-pact-esteve-presente-em-mais-um-evento-de-inovacao-sustentavel-em-marseille\/","title":{"rendered":"O PACT ESTEVE PRESENTE EM MAIS UM EVENTO DE INOVA\u00c7\u00c3O SUSTENT\u00c1VEL, EM MARSEILLE"},"content":{"rendered":"","protected":false},"featured_media":1328,"template":"","news-tags":[303,527,317,528,542,279,298,543,452,309],"news-date":[217],"class_list":["post-963","news","type-news","status-publish","has-post-thumbnail","hentry","news-tags-economia-circular","news-tags-ewaster","news-tags-inovacao","news-tags-interreg-euro-med","news-tags-marseille","news-tags-pact","news-tags-projeto","news-tags-residuos-eletronicos","news-tags-sustentabilidade","news-tags-tecnologia","news-date-jul-2024"],"acf":[],"_links":{"self":[{"href":"https:\/\/pact.pt\/pt-pt\/wp-json\/wp\/v2\/news\/963","targetHints":{"allow":["GET"]}}],"collection":[{"href":"https:\/\/pact.pt\/pt-pt\/wp-json\/wp\/v2\/news"}],"about":[{"href":"https:\/\/pact.pt\/pt-pt\/wp-json\/wp\/v2\/types\/news"}],"wp:featuredmedia":[{"embeddable":true,"href":"https:\/\/pact.pt\/pt-pt\/wp-json\/wp\/v2\/media\/1328"}],"wp:attachment":[{"href":"https:\/\/pact.pt\/pt-pt\/wp-json\/wp\/v2\/media?parent=963"}],"wp:term":[{"taxonomy":"news-tags","embeddable":true,"href":"https:\/\/pact.pt\/pt-pt\/wp-json\/wp\/v2\/news-tags?post=963"},{"taxonomy":"news-date","embeddable":true,"href":"https:\/\/pact.pt\/pt-pt\/wp-json\/wp\/v2\/news-date?post=963"}],"curies":[{"name":"wp","href":"https:\/\/api.w.org\/{rel}","templated":true}]}}