{"id":974,"date":"2024-10-15T19:47:00","date_gmt":"2024-10-15T19:47:00","guid":{"rendered":"https:\/\/pact.pt\/news\/pact-promove-formacao-certificada-em-chatgpt-no-ambito-dos-servicos-do-gabinete-alentedge\/"},"modified":"2025-03-25T18:32:27","modified_gmt":"2025-03-25T18:32:27","slug":"pact-promove-formacao-certificada-em-chatgpt-no-ambito-dos-servicos-do-gabinete-alentedge","status":"publish","type":"news","link":"https:\/\/pact.pt\/pt-pt\/news\/pact-promove-formacao-certificada-em-chatgpt-no-ambito-dos-servicos-do-gabinete-alentedge\/","title":{"rendered":"PACT promove Forma\u00e7\u00e3o Certificada em ChatGPT, no \u00e2mbito dos servi\u00e7os do Gabinete AlentEdge"},"content":{"rendered":"","protected":false},"featured_media":1350,"template":"","news-tags":[535,271,464,305,582,365,277,344,469,279,309],"news-date":[215],"class_list":["post-974","news","type-news","status-publish","has-post-thumbnail","hentry","news-tags-alentedge","news-tags-alentejo","news-tags-chatgpt","news-tags-ciencia","news-tags-dgert","news-tags-empresas","news-tags-evora","news-tags-formacao-certificada","news-tags-inteligencia-artifical","news-tags-pact","news-tags-tecnologia","news-date-out-2024"],"acf":[],"_links":{"self":[{"href":"https:\/\/pact.pt\/pt-pt\/wp-json\/wp\/v2\/news\/974","targetHints":{"allow":["GET"]}}],"collection":[{"href":"https:\/\/pact.pt\/pt-pt\/wp-json\/wp\/v2\/news"}],"about":[{"href":"https:\/\/pact.pt\/pt-pt\/wp-json\/wp\/v2\/types\/news"}],"wp:featuredmedia":[{"embeddable":true,"href":"https:\/\/pact.pt\/pt-pt\/wp-json\/wp\/v2\/media\/1350"}],"wp:attachment":[{"href":"https:\/\/pact.pt\/pt-pt\/wp-json\/wp\/v2\/media?parent=974"}],"wp:term":[{"taxonomy":"news-tags","embeddable":true,"href":"https:\/\/pact.pt\/pt-pt\/wp-json\/wp\/v2\/news-tags?post=974"},{"taxonomy":"news-date","embeddable":true,"href":"https:\/\/pact.pt\/pt-pt\/wp-json\/wp\/v2\/news-date?post=974"}],"curies":[{"name":"wp","href":"https:\/\/api.w.org\/{rel}","templated":true}]}}