{"id":976,"date":"2024-10-21T19:47:00","date_gmt":"2024-10-21T19:47:00","guid":{"rendered":"https:\/\/pact.pt\/news\/pact-promove-encontro-de-networking-sobre-boas-praticas-de-inovacao-aberta-e-transferencia-de-tecnologia\/"},"modified":"2025-03-25T18:33:16","modified_gmt":"2025-03-25T18:33:16","slug":"pact-promove-encontro-de-networking-sobre-boas-praticas-de-inovacao-aberta-e-transferencia-de-tecnologia","status":"publish","type":"news","link":"https:\/\/pact.pt\/pt-pt\/news\/pact-promove-encontro-de-networking-sobre-boas-praticas-de-inovacao-aberta-e-transferencia-de-tecnologia\/","title":{"rendered":"PACT PROMOVE ENCONTRO DE NETWORKING SOBRE BOAS PR\u00c1TICAS DE INOVA\u00c7\u00c3O ABERTA E TRANSFER\u00caNCIA DE TECNOLOGIA"},"content":{"rendered":"","protected":false},"featured_media":1354,"template":"","news-tags":[271,305,540,480,357,277,585,316,317,557,467,279,298,586,309,587],"news-date":[215],"class_list":["post-976","news","type-news","status-publish","has-post-thumbnail","hentry","news-tags-alentejo","news-tags-ciencia","news-tags-conhecimento","news-tags-driven","news-tags-evento","news-tags-evora","news-tags-ia","news-tags-ideias","news-tags-inovacao","news-tags-inovacao-aberta","news-tags-networking","news-tags-pact","news-tags-projeto","news-tags-rv","news-tags-tecnologia","news-tags-transferencia","news-date-out-2024"],"acf":[],"_links":{"self":[{"href":"https:\/\/pact.pt\/pt-pt\/wp-json\/wp\/v2\/news\/976","targetHints":{"allow":["GET"]}}],"collection":[{"href":"https:\/\/pact.pt\/pt-pt\/wp-json\/wp\/v2\/news"}],"about":[{"href":"https:\/\/pact.pt\/pt-pt\/wp-json\/wp\/v2\/types\/news"}],"wp:featuredmedia":[{"embeddable":true,"href":"https:\/\/pact.pt\/pt-pt\/wp-json\/wp\/v2\/media\/1354"}],"wp:attachment":[{"href":"https:\/\/pact.pt\/pt-pt\/wp-json\/wp\/v2\/media?parent=976"}],"wp:term":[{"taxonomy":"news-tags","embeddable":true,"href":"https:\/\/pact.pt\/pt-pt\/wp-json\/wp\/v2\/news-tags?post=976"},{"taxonomy":"news-date","embeddable":true,"href":"https:\/\/pact.pt\/pt-pt\/wp-json\/wp\/v2\/news-date?post=976"}],"curies":[{"name":"wp","href":"https:\/\/api.w.org\/{rel}","templated":true}]}}